{"id":40548,"date":"2015-02-06T00:00:00","date_gmt":"2015-02-05T23:00:00","guid":{"rendered":"https:\/\/sereniorizzonti.it\/?p=40548"},"modified":"2024-09-26T15:58:13","modified_gmt":"2024-09-26T13:58:13","slug":"grande-successo-per-sereni-orizzonti-al-career-day-di-udine-2","status":"publish","type":"post","link":"https:\/\/sereniorizzonti.it\/it\/grande-successo-per-sereni-orizzonti-al-career-day-di-udine-2\/","title":{"rendered":"Grande successo per Sereni Orizzonti al Career Day di Udine"},"content":{"rendered":"<p>Il 5 febbraio 2015 Sereni Orizzonti ha partecipato al Career Day a Udine, dove gli universitari hanno incontrato i nostri recruiter, hanno potuto saperne di pi\u00f9 sul gruppo sulle opportunit\u00e0 di lavoro offerte.\u00a0<\/p>\n<div>Siamo orgogliosi di dire che il nostro stand \u00e8 stato quello pi\u00f9 affollato e l&#8217;ultimo a chiudere. Molta la curiosit\u00e0 e l&#8217;interesse degli studenti, che ci hanno consegnato oltre 70 curricola.<\/p>\n<\/div>\n<div>Nella foto che vi mostriamo, le nostre Giada e Elisa a colloquio con una degli aspiranti &#8220;giocatori&#8221; della grande squadra di Sereni Orizzonti.<\/div>\n","protected":false},"excerpt":{"rendered":"<p>Il 5 febbraio 2015 Sereni Orizzonti ha partecipato al Career Day a Udine, dove gli universitari hanno incontrato i nostri recruiter, hanno potuto saperne di pi\u00f9 sul gruppo sulle opportunit\u00e0 di lavoro offerte.\u00a0 Siamo orgogliosi di dire che il nostro stand \u00e8 stato quello pi\u00f9 affollato e l&#8217;ultimo a chiudere. Molta la curiosit\u00e0 e l&#8217;interesse [&hellip;]<\/p>\n","protected":false},"author":1,"featured_media":0,"comment_status":"open","ping_status":"open","sticky":false,"template":"","format":"standard","meta":{"_acf_changed":false,"footnotes":""},"categories":[48],"tags":[],"class_list":["post-40548","post","type-post","status-publish","format-standard","hentry","category-news-corporate"],"acf":[],"_links":{"self":[{"href":"https:\/\/sereniorizzonti.it\/it\/wp-json\/wp\/v2\/posts\/40548","targetHints":{"allow":["GET"]}}],"collection":[{"href":"https:\/\/sereniorizzonti.it\/it\/wp-json\/wp\/v2\/posts"}],"about":[{"href":"https:\/\/sereniorizzonti.it\/it\/wp-json\/wp\/v2\/types\/post"}],"author":[{"embeddable":true,"href":"https:\/\/sereniorizzonti.it\/it\/wp-json\/wp\/v2\/users\/1"}],"replies":[{"embeddable":true,"href":"https:\/\/sereniorizzonti.it\/it\/wp-json\/wp\/v2\/comments?post=40548"}],"version-history":[{"count":1,"href":"https:\/\/sereniorizzonti.it\/it\/wp-json\/wp\/v2\/posts\/40548\/revisions"}],"predecessor-version":[{"id":40890,"href":"https:\/\/sereniorizzonti.it\/it\/wp-json\/wp\/v2\/posts\/40548\/revisions\/40890"}],"wp:attachment":[{"href":"https:\/\/sereniorizzonti.it\/it\/wp-json\/wp\/v2\/media?parent=40548"}],"wp:term":[{"taxonomy":"category","embeddable":true,"href":"https:\/\/sereniorizzonti.it\/it\/wp-json\/wp\/v2\/categories?post=40548"},{"taxonomy":"post_tag","embeddable":true,"href":"https:\/\/sereniorizzonti.it\/it\/wp-json\/wp\/v2\/tags?post=40548"}],"curies":[{"name":"wp","href":"https:\/\/api.w.org\/{rel}","templated":true}]}}