{"id":40535,"date":"2014-09-26T00:00:00","date_gmt":"2014-09-25T22:00:00","guid":{"rendered":"https:\/\/sereniorizzonti.it\/?p=40535"},"modified":"2024-09-26T15:58:13","modified_gmt":"2024-09-26T13:58:13","slug":"nuove-acquisizioni-in-sardegna-e-toscana","status":"publish","type":"post","link":"https:\/\/sereniorizzonti.it\/it\/nuove-acquisizioni-in-sardegna-e-toscana\/","title":{"rendered":"NUOVE ACQUISIZIONI IN SARDEGNA E TOSCANA"},"content":{"rendered":"<p class=\"MsoNormal\"><i><span style=\"font-family:; font-size: 10pt;\" arial\",\"sans-serif\"\"=\"\">La Spa friulana chiude operazioni per 12 milioni di euro e consolida la sua presenza al centro e al sud.<\/span><\/i><span style=\"font-family:; font-size: 10pt;\" arial\",\"sans-serif\"\"=\"\">\u00a0<o_p><\/o_p><\/span><\/p>\n<p class=\"MsoNormal\"><span style=\"font-family:; font-size: 10pt;\" arial\",\"sans-serif\"\"=\"\"><o_p>\u00a0<\/o_p><\/span><\/p>\n<p class=\"MsoNormal\"><span style=\"font-family:; font-size: 10pt;\" arial\",\"sans-serif\"\"=\"\">Con due nuove importanti acquisizioni prosegue senza sosta la crescita di Sereni Orizzonti.\u00a0 Dopo la pausa estiva, infatti, la spa friulana che si occupa di costruzione e gestione di residenze sanitarie in tutta Italia, ha portato a termine due operazioni in Toscana e Sardegna per complessivi 12<b>\u00a0<\/b>milioni di euro<o_p><\/o_p><\/span><\/p>\n<p class=\"MsoNormal\"><span style=\"font-family:; font-size: 10pt;\" arial\",\"sans-serif\"\"=\"\"><o_p>\u00a0<\/o_p><\/span><\/p>\n<p class=\"MsoNormal\"><span style=\"font-family:; font-size: 10pt;\" arial\",\"sans-serif\"\"=\"\">In Provincia di Firenze, a \u00a0Firenzuola, l&#8217;azienda udinese ha perfezionato l&#8217;acquisizione di una residenza da 77 posti letto. La struttura, immersa nelle colline della Provincia di Firenze, opera nel settore socio-sanitario da pi\u00f9 di 40 anni e rappresenta una delle realt\u00e0 assistenziali pi\u00f9 conosciute della regione.\u00a0Si tratta della seconda struttura del Gruppo Sereni Orizzonti in Toscana, dopo che dal primo aprile \u00e8 subentrata nella gestione dei 54 posti della RSA Villabianca di Ponte Buggianese, in provincia di Pistoia.\u00a0<o_p><\/o_p><\/span><\/p>\n<p class=\"MsoNormal\"><span style=\"font-family:; font-size: 10pt;\" arial\",\"sans-serif\"\"=\"\"><o_p>\u00a0<\/o_p><\/span><\/p>\n<p class=\"MsoNormal\"><span style=\"font-family:; font-size: 10pt;\" arial\",\"sans-serif\"\"=\"\">In Sardegna, invece, Sereni Orizzonti si \u00e8 aggiudicata la concessione dei lavori per la costruzione e gestione di una RSA da 40 posti letto a Macomer, in provincia di Nuoro.\u00a0 Anche in questa regione si tratta della seconda iniziativa in pochi mesi: il gruppo \u00e8, infatti, impegnato nella costruzione della prima RSA della provincia del Medio Campidano. Complessivamente sono 15 i milioni di euro che Sereni Orizzonti sta oggi investendo in Sardegna.\u00a0<o_p><\/o_p><\/span><\/p>\n<p class=\"MsoNormal\"><span style=\"font-family:; font-size: 10pt;\" arial\",\"sans-serif\"\"=\"\"><o_p>\u00a0<\/o_p><\/span><\/p>\n<p class=\"MsoNormal\"><span style=\"font-family:; font-size: 10pt;\" arial\",\"sans-serif\"\"=\"\">&#8220;Si tratta &#8211; ha spiegato Massimo Blasoni, fondatore e azionista di maggioranza del gruppo &#8211; di due acquisizioni doppiamente significative perch\u00e9 da un lato consolidano la nostra posizione in mercati come quello del centro e del sud italia dove siamo convinti occorra investire in futuro. Siamo partiti dal Friuli e siamo cresciuti inizialmente nel nord del paese, la prossima sfida che ci poniamo \u00e8 quella di espanderci nel mezzogiorno del paese dove l&#8217;offerta di servizi sanitari e socio-assistenziali \u00e8 ancora particolarmente arretrata. In secondo luogo &#8211; ha chiarito &#8211; segnalano come, anche in un periodo economico caratterizzato da grande incertezza, esistono settori dinamici e aziende virtuose che sono ancora in grado di investire e di crescere&#8221;.\u00a0<o_p><\/o_p><\/span><\/p>\n<p class=\"MsoNormal\"><span style=\"font-family:; font-size: 10pt;\" arial\",\"sans-serif\"\"=\"\"><o_p>\u00a0<\/o_p><\/span><\/p>\n<p class=\"MsoNormal\"><span style=\"font-family:; font-size: 10pt;\" arial\",\"sans-serif\"\"=\"\">Con queste acquisizioni Sereni Orizzonti si conferma il terzo gruppo italiano nel suo settore, con 42 strutture gestite, \u00a02600 posti letto, 1200 dipendenti e un piano di investimenti gi\u00e0 approvato da 85 milioni di euro in 5 anni. Uno sforzo questo che permetter\u00e0 all&#8217;azienda di crescere ulteriormente: sono gi\u00e0 otto i cantieri programmati nei prossimi mesi e che garantiranno la realizzazione di strutture per complessivi nuovi 500 posti letto.\u00a0<o_p><\/o_p><\/span><\/p>\n","protected":false},"excerpt":{"rendered":"<p>La Spa friulana chiude operazioni per 12 milioni di euro e consolida la sua presenza al centro e al sud.\u00a0 \u00a0 Con due nuove importanti acquisizioni prosegue senza sosta la crescita di Sereni Orizzonti.\u00a0 Dopo la pausa estiva, infatti, la spa friulana che si occupa di costruzione e gestione di residenze sanitarie in tutta Italia, [&hellip;]<\/p>\n","protected":false},"author":1,"featured_media":0,"comment_status":"open","ping_status":"open","sticky":false,"template":"","format":"standard","meta":{"_acf_changed":false,"footnotes":""},"categories":[48],"tags":[],"class_list":["post-40535","post","type-post","status-publish","format-standard","hentry","category-news-corporate"],"acf":[],"_links":{"self":[{"href":"https:\/\/sereniorizzonti.it\/it\/wp-json\/wp\/v2\/posts\/40535","targetHints":{"allow":["GET"]}}],"collection":[{"href":"https:\/\/sereniorizzonti.it\/it\/wp-json\/wp\/v2\/posts"}],"about":[{"href":"https:\/\/sereniorizzonti.it\/it\/wp-json\/wp\/v2\/types\/post"}],"author":[{"embeddable":true,"href":"https:\/\/sereniorizzonti.it\/it\/wp-json\/wp\/v2\/users\/1"}],"replies":[{"embeddable":true,"href":"https:\/\/sereniorizzonti.it\/it\/wp-json\/wp\/v2\/comments?post=40535"}],"version-history":[{"count":1,"href":"https:\/\/sereniorizzonti.it\/it\/wp-json\/wp\/v2\/posts\/40535\/revisions"}],"predecessor-version":[{"id":40881,"href":"https:\/\/sereniorizzonti.it\/it\/wp-json\/wp\/v2\/posts\/40535\/revisions\/40881"}],"wp:attachment":[{"href":"https:\/\/sereniorizzonti.it\/it\/wp-json\/wp\/v2\/media?parent=40535"}],"wp:term":[{"taxonomy":"category","embeddable":true,"href":"https:\/\/sereniorizzonti.it\/it\/wp-json\/wp\/v2\/categories?post=40535"},{"taxonomy":"post_tag","embeddable":true,"href":"https:\/\/sereniorizzonti.it\/it\/wp-json\/wp\/v2\/tags?post=40535"}],"curies":[{"name":"wp","href":"https:\/\/api.w.org\/{rel}","templated":true}]}}