{"id":40509,"date":"2014-04-17T00:00:00","date_gmt":"2014-04-16T22:00:00","guid":{"rendered":"https:\/\/sereniorizzonti.it\/?p=40509"},"modified":"2024-09-26T15:58:12","modified_gmt":"2024-09-26T13:58:12","slug":"sereni-orizzonti-cantiera-due-nuove-residenze-per-anziani-fuori-regione","status":"publish","type":"post","link":"https:\/\/sereniorizzonti.it\/it\/sereni-orizzonti-cantiera-due-nuove-residenze-per-anziani-fuori-regione\/","title":{"rendered":"Sereni Orizzonti cantiera due nuove residenze per anziani fuori regione"},"content":{"rendered":"<div>Partono a gennaio i lavori per la realizzazione di due nuove case di riposo del Gruppo Sereni Orizzonti, spa friulana che costruisce e gestisce residenze per anziani, nuclei specializzati per disabili fisici e psichici e comunit\u00e0 per minori in tutto il nord Italia. Una RSA da 80 posti letto verr\u00e0 realizzata a Momo (Novara) su un terreno di 6 mila mq, e un Centro di Servizi Residenziali per anziani autosufficienti e non autosufficienti da 72 posti letto sar\u00e0 costruito a Bovolenta in Provincia di Padova su una superficie di 7 mila mq. \u201cSono opere che sorgeranno su terreni acquistati all\u2019inizio dell\u2019anno \u2013 spiega Massimo Blasoni, azionista di maggioranza di Sereni Orizzonti- \u00a0per le quali prevediamo un investimento totale di 15 milioni di euro, parte di quegli 83 milioni che Sereni Orizzonti investir\u00e0 nel prossimo quinquennio\u201d.\u00a0<\/div>\n<div>Nel corso del 2013 Sereni Orizzonti ha inaugurato 4 nuove strutture: una casa protetta da 118 posti letto ad Aiello del Friuli, una casa di riposo a Savona, una comunit\u00e0 riabilitativa per minori a Scalenghe (To) e una comunit\u00e0 psichiatrica a Belvedere Langhe (Cn), con oltre 150 nuove assunzioni nel corso dell\u2019anno. Ad oggi il Gruppo conta 32 residenze attive tra Friuli Venezia Giulia, Piemonte, Emilia Romagna, Lombardia e Liguria. \u201cFino ad ora siamo cresciuti nelle regioni del nord Italia \u2013 conclude Massimo Blasoni- ma siamo convinti che il mercato a cui rivolgersi in futuro sar\u00e0 quello del centro e sud, ed \u00e8 proprio l\u00ec che puntiamo ad espanderci con nuovi progetti socio \u2013assistenziali\u201d.<\/div>\n","protected":false},"excerpt":{"rendered":"<p>Partono a gennaio i lavori per la realizzazione di due nuove case di riposo del Gruppo Sereni Orizzonti, spa friulana che costruisce e gestisce residenze per anziani, nuclei specializzati per disabili fisici e psichici e comunit\u00e0 per minori in tutto il nord Italia. Una RSA da 80 posti letto verr\u00e0 realizzata a Momo (Novara) su [&hellip;]<\/p>\n","protected":false},"author":1,"featured_media":0,"comment_status":"open","ping_status":"open","sticky":false,"template":"","format":"standard","meta":{"_acf_changed":false,"footnotes":""},"categories":[48],"tags":[],"class_list":["post-40509","post","type-post","status-publish","format-standard","hentry","category-news-corporate"],"acf":[],"_links":{"self":[{"href":"https:\/\/sereniorizzonti.it\/it\/wp-json\/wp\/v2\/posts\/40509","targetHints":{"allow":["GET"]}}],"collection":[{"href":"https:\/\/sereniorizzonti.it\/it\/wp-json\/wp\/v2\/posts"}],"about":[{"href":"https:\/\/sereniorizzonti.it\/it\/wp-json\/wp\/v2\/types\/post"}],"author":[{"embeddable":true,"href":"https:\/\/sereniorizzonti.it\/it\/wp-json\/wp\/v2\/users\/1"}],"replies":[{"embeddable":true,"href":"https:\/\/sereniorizzonti.it\/it\/wp-json\/wp\/v2\/comments?post=40509"}],"version-history":[{"count":1,"href":"https:\/\/sereniorizzonti.it\/it\/wp-json\/wp\/v2\/posts\/40509\/revisions"}],"predecessor-version":[{"id":40867,"href":"https:\/\/sereniorizzonti.it\/it\/wp-json\/wp\/v2\/posts\/40509\/revisions\/40867"}],"wp:attachment":[{"href":"https:\/\/sereniorizzonti.it\/it\/wp-json\/wp\/v2\/media?parent=40509"}],"wp:term":[{"taxonomy":"category","embeddable":true,"href":"https:\/\/sereniorizzonti.it\/it\/wp-json\/wp\/v2\/categories?post=40509"},{"taxonomy":"post_tag","embeddable":true,"href":"https:\/\/sereniorizzonti.it\/it\/wp-json\/wp\/v2\/tags?post=40509"}],"curies":[{"name":"wp","href":"https:\/\/api.w.org\/{rel}","templated":true}]}}