{"id":42198,"date":"2025-12-12T10:10:57","date_gmt":"2025-12-12T09:10:57","guid":{"rendered":"https:\/\/sereniorizzonti.it\/?p=42198"},"modified":"2025-12-16T10:13:15","modified_gmt":"2025-12-16T09:13:15","slug":"giornale-del-friuli-da-udine-allitalia-lascesa-di-massimo-blasoni-a-re-delle-rsa","status":"publish","type":"post","link":"https:\/\/sereniorizzonti.it\/es\/giornale-del-friuli-da-udine-allitalia-lascesa-di-massimo-blasoni-a-re-delle-rsa\/","title":{"rendered":"Giornale del Friuli: De Udine a Italia: el ascenso de Massimo Blasoni a rey de los RSA"},"content":{"rendered":"<p>De la provincia de Friul-Venecia Julia a la escena nacional: \u00e9sta es la extraordinaria trayectoria de Massimo Blasoni, empresario de primera generaci\u00f3n y fundador de Sereni Orizzonti, hoy el segundo operador italiano en el sector de las residencias para la tercera edad. Partiendo de sus ra\u00edces friulanas, Blasoni ha sabido transformar una intuici\u00f3n local en una realidad empresarial nacional que hoy consolida una facturaci\u00f3n de 300 millones de euros, con un crecimiento explosivo que cuenta con 100 instalaciones entre Italia y Espa\u00f1a y un ej\u00e9rcito de 3.800 colaboradores. \"Italia envejece y necesita respuestas concretas\", explica el empresario de Udine. \"Nuestro pa\u00eds tiene carencias importantes tanto en el n\u00famero de camas disponibles como en la calidad de las instalaciones existentes. Yo quer\u00eda formar parte de la soluci\u00f3n\".<\/p>\n\n\n\n<p>Y la soluci\u00f3n imaginada por este hombre hecho a s\u00ed mismo adopta la forma de residencias que combinan ecosostenibilidad, tecnolog\u00eda dom\u00f3tica y atenci\u00f3n a la dignidad de la persona mayor, un planteamiento que ha revolucionado el sector.<\/p>\n\n\n\n<p>El art\u00edculo completo est\u00e1 disponible en el siguiente enlace \ud83d\udc47<\/p>\n\n\n\n<p><a href=\"https:\/\/ilgiornaledelfriuli.it\/cronaca\/da-udine-allitalia-lascesa-di-massimo-blasoni-a-re-delle-rsa\/\">De Udine a Italia: el ascenso de Massimo Blasoni a rey de la RSA - Il Giornale del Friuli<\/a> <\/p>","protected":false},"excerpt":{"rendered":"<p>Dalla provincia del Friuli-Venezia Giulia al panorama nazionale: \u00e8 questa la straordinaria traiettoria di Massimo Blasoni, imprenditore di prima generazione, fondatore di Sereni Orizzonti, oggi secondo operatore italiano nel settore delle residenze sanitarie per anziani. Partendo dalle sue radici friulane, Blasoni ha saputo trasformare un\u2019intuizione locale in una realt\u00e0 imprenditoriale nazionale che oggi consolida un [&hellip;]<\/p>","protected":false},"author":1,"featured_media":42199,"comment_status":"closed","ping_status":"closed","sticky":false,"template":"","format":"standard","meta":{"_acf_changed":false,"footnotes":""},"categories":[48],"tags":[151,152,156,231,150,232,167,157],"class_list":["post-42198","post","type-post","status-publish","format-standard","has-post-thumbnail","hentry","category-news-corporate","tag-anziani","tag-casa-di-riposo","tag-friuli","tag-gruppo-sereni-orizzonti","tag-massimo-blasoni","tag-residenze-per-anziani","tag-sereni-orizzonti","tag-udine"],"acf":[],"_links":{"self":[{"href":"https:\/\/sereniorizzonti.it\/es\/wp-json\/wp\/v2\/posts\/42198","targetHints":{"allow":["GET"]}}],"collection":[{"href":"https:\/\/sereniorizzonti.it\/es\/wp-json\/wp\/v2\/posts"}],"about":[{"href":"https:\/\/sereniorizzonti.it\/es\/wp-json\/wp\/v2\/types\/post"}],"author":[{"embeddable":true,"href":"https:\/\/sereniorizzonti.it\/es\/wp-json\/wp\/v2\/users\/1"}],"replies":[{"embeddable":true,"href":"https:\/\/sereniorizzonti.it\/es\/wp-json\/wp\/v2\/comments?post=42198"}],"version-history":[{"count":1,"href":"https:\/\/sereniorizzonti.it\/es\/wp-json\/wp\/v2\/posts\/42198\/revisions"}],"predecessor-version":[{"id":42200,"href":"https:\/\/sereniorizzonti.it\/es\/wp-json\/wp\/v2\/posts\/42198\/revisions\/42200"}],"wp:featuredmedia":[{"embeddable":true,"href":"https:\/\/sereniorizzonti.it\/es\/wp-json\/wp\/v2\/media\/42199"}],"wp:attachment":[{"href":"https:\/\/sereniorizzonti.it\/es\/wp-json\/wp\/v2\/media?parent=42198"}],"wp:term":[{"taxonomy":"category","embeddable":true,"href":"https:\/\/sereniorizzonti.it\/es\/wp-json\/wp\/v2\/categories?post=42198"},{"taxonomy":"post_tag","embeddable":true,"href":"https:\/\/sereniorizzonti.it\/es\/wp-json\/wp\/v2\/tags?post=42198"}],"curies":[{"name":"wp","href":"https:\/\/api.w.org\/{rel}","templated":true}]}}