{"id":41877,"date":"2025-06-13T15:31:39","date_gmt":"2025-06-13T13:31:39","guid":{"rendered":"https:\/\/sereniorizzonti.it\/?p=41877"},"modified":"2025-09-09T17:13:12","modified_gmt":"2025-09-09T15:13:12","slug":"giornaledelfriuli-horse-therapy-in-rsa-a-risano-in-collaborazione-con-fabio-mangilli-equestrian-centre","status":"publish","type":"post","link":"https:\/\/sereniorizzonti.it\/es\/giornaledelfriuli-horse-therapy-in-rsa-a-risano-in-collaborazione-con-fabio-mangilli-equestrian-centre\/","title":{"rendered":"GIORNALEDELFRIULI: \"Terapia ecuestre en la RSA de Risano en colaboraci\u00f3n con el Centro Ecuestre Fabio Mangilli\"."},"content":{"rendered":"<p>por Editores<\/p>\n\n\n\n<p>Una historia de resiliencia y pasi\u00f3n que ha inspirado todo un proyecto terap\u00e9utico. Esta es la historia de Ezio Tomat, un hu\u00e9sped del RSA \"Giacinto Blasoni\" de Risano, gestionado por Sereni Orizzonti, cuya dedicaci\u00f3n a los caballos desde la infancia ha dado lugar a una iniciativa innovadora que ha cosechado un gran \u00e9xito entre los hu\u00e9spedes del establecimiento.<\/p>\n\n\n\n<p>El proyecto cont\u00f3 con la participaci\u00f3n de Rose, una dulce yegua que visit\u00f3 a los invitados en el jard\u00edn de la RSA una soleada tarde de finales de mayo; Rose estuvo acompa\u00f1ada por Veronica Turco, de la asociaci\u00f3n&nbsp;<em>Centro Ecuestre Fabio Mangilli&nbsp;<\/em>(FMEC<em>)<\/em>fundamental en la realizaci\u00f3n del proyecto.<\/p>\n\n\n\n<p>La idea surgi\u00f3 de la necesidad de participar en las actividades cotidianas de Ezio, un hu\u00e9sped cuya pasi\u00f3n por los caballos comenz\u00f3 de ni\u00f1o, cuando paseaba en su carro por las fiestas del pueblo y participaba en diversos eventos deportivos con sus queridos animales. Sin embargo, la vida de Ezio, una persona activa, luchadora y amante del deporte, dio un giro dram\u00e1tico el 8 de noviembre de 2017, cuando un grave accidente le dej\u00f3 en coma durante varios d\u00edas. La rehabilitaci\u00f3n que sigui\u00f3 fue larga y exigente, pero hoy Ezio est\u00e1 mejor y vive en la residencia Risano, donde su familia est\u00e1 especialmente satisfecha con los progresos y mejoras conseguidos.<\/p>\n\n\n\n<p>El art\u00edculo completo est\u00e1 disponible en el siguiente enlace \ud83d\udc47<\/p>\n\n\n\n<p><a href=\"https:\/\/ilgiornaledelfriuli.it\/cronaca\/horse-therapy-in-rsa-a-risano-in-collaborazione-con-fabio-mangilli-equestrian-centre\/\">Equinoterapia en RSA en Risano en colaboraci\u00f3n con el \"Centro Ecuestre Fabio Mangilli\" - Il Giornale del Friuli<\/a><\/p>","protected":false},"excerpt":{"rendered":"<p>di Redazione Una storia di resilienza e passione che ha ispirato un intero progetto terapeutico. \u00c8 quella di Ezio Tomat, ospite della RSA \u201cGiacinto Blasoni\u201d di Risano, gestita da Sereni Orizzonti, la cui dedizione ai cavalli fin dall\u2019infanzia ha dato vita a un\u2019iniziativa innovativa che ha riscosso grande successo tra gli ospiti della struttura. Il [&hellip;]<\/p>","protected":false},"author":1,"featured_media":41878,"comment_status":"closed","ping_status":"closed","sticky":false,"template":"","format":"standard","meta":{"_acf_changed":false,"footnotes":""},"categories":[53],"tags":[151,152,156,231,150,232,159,167,157],"class_list":["post-41877","post","type-post","status-publish","format-standard","has-post-thumbnail","hentry","category-news-residenze","tag-anziani","tag-casa-di-riposo","tag-friuli","tag-gruppo-sereni-orizzonti","tag-massimo-blasoni","tag-residenze-per-anziani","tag-rsa","tag-sereni-orizzonti","tag-udine"],"acf":[],"_links":{"self":[{"href":"https:\/\/sereniorizzonti.it\/es\/wp-json\/wp\/v2\/posts\/41877","targetHints":{"allow":["GET"]}}],"collection":[{"href":"https:\/\/sereniorizzonti.it\/es\/wp-json\/wp\/v2\/posts"}],"about":[{"href":"https:\/\/sereniorizzonti.it\/es\/wp-json\/wp\/v2\/types\/post"}],"author":[{"embeddable":true,"href":"https:\/\/sereniorizzonti.it\/es\/wp-json\/wp\/v2\/users\/1"}],"replies":[{"embeddable":true,"href":"https:\/\/sereniorizzonti.it\/es\/wp-json\/wp\/v2\/comments?post=41877"}],"version-history":[{"count":1,"href":"https:\/\/sereniorizzonti.it\/es\/wp-json\/wp\/v2\/posts\/41877\/revisions"}],"predecessor-version":[{"id":41879,"href":"https:\/\/sereniorizzonti.it\/es\/wp-json\/wp\/v2\/posts\/41877\/revisions\/41879"}],"wp:featuredmedia":[{"embeddable":true,"href":"https:\/\/sereniorizzonti.it\/es\/wp-json\/wp\/v2\/media\/41878"}],"wp:attachment":[{"href":"https:\/\/sereniorizzonti.it\/es\/wp-json\/wp\/v2\/media?parent=41877"}],"wp:term":[{"taxonomy":"category","embeddable":true,"href":"https:\/\/sereniorizzonti.it\/es\/wp-json\/wp\/v2\/categories?post=41877"},{"taxonomy":"post_tag","embeddable":true,"href":"https:\/\/sereniorizzonti.it\/es\/wp-json\/wp\/v2\/tags?post=41877"}],"curies":[{"name":"wp","href":"https:\/\/api.w.org\/{rel}","templated":true}]}}