{"id":40631,"date":"2017-02-03T00:00:00","date_gmt":"2017-02-02T23:00:00","guid":{"rendered":"https:\/\/sereniorizzonti.it\/?p=40631"},"modified":"2024-09-26T15:58:16","modified_gmt":"2024-09-26T13:58:16","slug":"sereni-orizzonti-disponibile-ad-adottare-aree-verdi-a-udine","status":"publish","type":"post","link":"https:\/\/sereniorizzonti.it\/es\/sereni-orizzonti-disponibile-ad-adottare-aree-verdi-a-udine\/","title":{"rendered":"SERENI ORIZZONTI DISPONIBILE AD ADOTTARE AREE VERDI A UDINE"},"content":{"rendered":"<p class=\"MsoNormal\" style=\"text-align:justify\">Sereni Orizzonti raccoglie l\u2019appello del Comune di Udine, vuole adottare un\u2019area verde cittadina.<o_p><\/o_p><\/p>\n<p class=\"MsoNormal\" style=\"text-align:justify\">\u201cE\u2019 un\u2019iniziativa guidata dalla passione di chi ama la propria citt\u00e0\u201d sottolinea Massimo Blasoni, azionista di riferimento di Sereni Orizzonti, azienda leader nel settore della costruzione e gestione di Residenze Sanitarie per anziani in Italia con sede a Udine. Il trasferimento degli uffici nel novembre scorso a Palazzo Beretta, \u00e8 stato uno dei tanti segnali che l\u2019imprenditore ha voluto lanciare alla sua citt\u00e0. \u201cAvremmo potuto trasferirci fuori Udine \u2013 spiega Blasoni &#8211; ma sono convinto che Udine abbia bisogno di stimoli per un vero rilancio e anche noi vogliamo concorrere in questo. Si pensi che Palazzo Beretta in via Vittorio Veneto era inutilizzato da oltre dieci anni. Aver ridato vita a questo palazzo \u00e8 un piccolo contribuito per far rivivere il nostro magnifico centro storico\u201d. \u00a0<o_p><\/o_p><\/p>\n<p class=\"MsoNormal\" style=\"text-align:justify\">Una proposta, quella dell\u2019adozione di un\u2019area verde da parte di Sereni Orizzonti, che nei prossimi giorni verr\u00e0 sottoposta all\u2019attenzione dell\u2019Amministrazione comunale. Con l\u2019auspicio che la burocrazia non freni gli entusiasmi perch\u00e9 le prossime date utili, dopo quella del 31 gennaio, sarebbero appena il 31 maggio e il 30 settembre. Udine \u00e8 ai primi posti a livello italiano in quanto a superficie di verde fruibile disponibile per abitante: aree verdi attrezzate, parchi naturali, giardini storici e centri sportivi. Vanta anche un&#8217;estesa rete di verde urbano dove spiccano i due grandi parchi posti ad est e ad ovest della citt\u00e0, il Parco del Torre e il Parco del Cormor.<o_p><\/o_p><\/p>\n<p class=\"MsoNormal\" style=\"text-align:justify\">Anche in occasione dello scorso Natale Sereni Orizzonti ha fornito il suo contributo per rivitalizzare il centro cittadino donando alla citt\u00e0 l\u2019illuminazione natalizia delle piazze San Giacomo e XX Settembre. \u201cOltre a dare visibilit\u00e0 al territorio abbiamo voluto e vogliamo fare qualcosa di concreto, continua Blasoni. Su Udine \u00e8 doveroso investire se si vuole che la citt\u00e0 riparta. Sono necessari maggiori sforzi da parte dell&#8217;Amministrazione, ma anche innovazione e voglia di investire degli imprenditori. Occorre &#8211; conclude Blasoni &#8211;\u00a0 grande collaborazione fra istituzioni, categorie e singole imprese. C&#8217;\u00e8 necessit\u00e0 di pi\u00f9 iniziative che richiamino turisti e acquirenti in citt\u00e0, ma anche maggior coraggio da parte degli imprenditori. Un coraggio comprensibilmente non facile vista la drammatica crisi, ma che si rende necessario per fronteggiarla&#8221;. <o_p><\/o_p><\/p>\n<p class=\"MsoNormal\" style=\"text-align:justify\">Nata nel 1996, Sereni Orizzonti con i suoi 4.000 posti letto su tutto il territorio nazionale, i 2.200 dipendenti e le 65 residenze in Italia, \u00e8 oggi il terzo gruppo nazionale nell\u2019ambito della costruzione e gestione di residenze per anziani in Italia.<o_p><\/o_p><\/p>","protected":false},"excerpt":{"rendered":"<p>Sereni Orizzonti raccoglie l\u2019appello del Comune di Udine, vuole adottare un\u2019area verde cittadina. \u201cE\u2019 un\u2019iniziativa guidata dalla passione di chi ama la propria citt\u00e0\u201d sottolinea Massimo Blasoni, azionista di riferimento di Sereni Orizzonti, azienda leader nel settore della costruzione e gestione di Residenze Sanitarie per anziani in Italia con sede a Udine. Il trasferimento degli [&hellip;]<\/p>","protected":false},"author":1,"featured_media":40632,"comment_status":"open","ping_status":"open","sticky":false,"template":"","format":"standard","meta":{"_acf_changed":false,"footnotes":""},"categories":[48],"tags":[],"class_list":["post-40631","post","type-post","status-publish","format-standard","has-post-thumbnail","hentry","category-news-corporate"],"acf":[],"_links":{"self":[{"href":"https:\/\/sereniorizzonti.it\/es\/wp-json\/wp\/v2\/posts\/40631","targetHints":{"allow":["GET"]}}],"collection":[{"href":"https:\/\/sereniorizzonti.it\/es\/wp-json\/wp\/v2\/posts"}],"about":[{"href":"https:\/\/sereniorizzonti.it\/es\/wp-json\/wp\/v2\/types\/post"}],"author":[{"embeddable":true,"href":"https:\/\/sereniorizzonti.it\/es\/wp-json\/wp\/v2\/users\/1"}],"replies":[{"embeddable":true,"href":"https:\/\/sereniorizzonti.it\/es\/wp-json\/wp\/v2\/comments?post=40631"}],"version-history":[{"count":1,"href":"https:\/\/sereniorizzonti.it\/es\/wp-json\/wp\/v2\/posts\/40631\/revisions"}],"predecessor-version":[{"id":40936,"href":"https:\/\/sereniorizzonti.it\/es\/wp-json\/wp\/v2\/posts\/40631\/revisions\/40936"}],"wp:featuredmedia":[{"embeddable":true,"href":"https:\/\/sereniorizzonti.it\/es\/wp-json\/wp\/v2\/media\/40632"}],"wp:attachment":[{"href":"https:\/\/sereniorizzonti.it\/es\/wp-json\/wp\/v2\/media?parent=40631"}],"wp:term":[{"taxonomy":"category","embeddable":true,"href":"https:\/\/sereniorizzonti.it\/es\/wp-json\/wp\/v2\/categories?post=40631"},{"taxonomy":"post_tag","embeddable":true,"href":"https:\/\/sereniorizzonti.it\/es\/wp-json\/wp\/v2\/tags?post=40631"}],"curies":[{"name":"wp","href":"https:\/\/api.w.org\/{rel}","templated":true}]}}