{"id":39484,"date":"2023-10-23T00:00:00","date_gmt":"2023-10-22T22:00:00","guid":{"rendered":"https:\/\/sereniorizzonti.it\/?p=39484"},"modified":"2024-09-26T15:41:34","modified_gmt":"2024-09-26T13:41:34","slug":"rsa-san-giorgio-di-marcon-scopriamo-la-citta-insieme-ai-nostri-ospiti","status":"publish","type":"post","link":"https:\/\/sereniorizzonti.it\/es\/rsa-san-giorgio-di-marcon-scopriamo-la-citta-insieme-ai-nostri-ospiti\/","title":{"rendered":"HOSPICIO 'SAN GIORGIO' DE MARCON: 'DESCUBRAMOS LA CIUDAD' JUNTO A NUESTROS HUESPEDES"},"content":{"rendered":"<p class=\"MsoNormal\" style=\"margin-bottom:0cm;text-align:justify;line-height: normal\"><span style=\"font-size:14.0pt\">\"Descubramos la ciudad\" es el t\u00edtulo del nuevo proyecto educativo ideado por la residencia de ancianos \"San Giorgio\" de Marcon. El valor de las actividades cotidianas est\u00e1 en el centro de esta iniciativa organizada por la Dra. Cristina Patella y la Dra. Gilda Luongo, educadoras del centro. <o_p><\/o_p><\/span><\/p>\n<p class=\"MsoNormal\" style=\"margin-bottom:0cm;text-align:justify;line-height: normal\"><span style=\"font-size:14.0pt\"><o_p>\u00a0<\/o_p><\/span><\/p>\n<p class=\"MsoNormal\" style=\"margin-bottom:0cm;text-align:justify;line-height: normal\"><span style=\"font-size:14.0pt\">Los invitados pasearon por la ciudad de Marcon y luego llegaron al mercado municipal, donde pudieron comprar y parar en la cafeter\u00eda para desayunar. El proyecto parte de la idea de que incluso las actividades m\u00e1s sencillas, como acudir al mercado, permiten mantenerse activo y en\u00e9rgico.<o_p><\/o_p><\/span><\/p>\n<p class=\"MsoNormal\" style=\"margin-bottom:0cm;text-align:justify;line-height: normal\"><span style=\"font-size:14.0pt\"><o_p>\u00a0<\/o_p><\/span><\/p>\n<p class=\"MsoNormal\" style=\"margin-bottom:0cm;text-align:justify;line-height: normal\"><a name=\"_Hlk148521118\"><span style=\"font-size:14.0pt\">\"<\/span><\/a><span style=\"font-size:14.0pt\">Es importante enriquecer la vida cotidiana con momentos en los que nuestros residentes puedan recibir est\u00edmulos del mundo exterior. Las actividades educativas y rehabilitadoras, como las que realizamos, ayudan a los ancianos a conectar con la comunidad en la que viven y les permiten activar sus sistemas muscular y cardiovascular, un peque\u00f1o esfuerzo del que se derivan importantes beneficios no solo para el cuerpo, sino tambi\u00e9n para el esp\u00edritu\", afirma la directora del centro, Danijela Filkovska.<o_p><\/o_p><\/span><\/p>\n<p class=\"MsoNormal\" style=\"margin-bottom:0cm;text-align:justify;line-height: normal\"><span style=\"font-size:14.0pt\"><o_p>\u00a0<\/o_p><\/span><\/p>\n<p class=\"MsoNormal\" style=\"margin-bottom:0cm;text-align:justify;line-height: normal\"><span style=\"font-size:14.0pt\">\"La revalorizaci\u00f3n de la importancia de las actividades cotidianas es una pr\u00e1ctica cada vez m\u00e1s adoptada en la elaboraci\u00f3n de proyectos educativos para los residentes de nuestras residencias de ancianos. Se trata de h\u00e1bitos saludables que las personas mayores pueden recuperar en su vida cotidiana para afrontar mejor los cambios f\u00edsicos.<a name=\"_Hlk148521131\"> debido a la edad\". <\/a>- a\u00f1ade Mario Modolo, director general de Sereni Orizzonti. <o_p><\/o_p><\/span><\/p>","protected":false},"excerpt":{"rendered":"<p>\u201cScopriamo la citt\u00e0\u201d: \u00e8 il titolo del nuovo progetto educativo ideato dalla residenza per anziani \u201cSan Giorgio\u201d di Marcon. Il valore delle attivit\u00e0 quotidiane \u00e8 al centro di questa iniziativa organizzata dalla dott.ssa Cristina Patella e dott.ssa Gilda Luongo, educatrici della struttura. \u00a0 Gli ospiti hanno passeggiato attraverso la citt\u00e0 di Marcon, per poi raggiungere [&hellip;]<\/p>","protected":false},"author":1,"featured_media":39485,"comment_status":"open","ping_status":"open","sticky":false,"template":"","format":"standard","meta":{"_acf_changed":false,"footnotes":""},"categories":[53],"tags":[],"class_list":["post-39484","post","type-post","status-publish","format-standard","has-post-thumbnail","hentry","category-news-residenze"],"acf":[],"_links":{"self":[{"href":"https:\/\/sereniorizzonti.it\/es\/wp-json\/wp\/v2\/posts\/39484","targetHints":{"allow":["GET"]}}],"collection":[{"href":"https:\/\/sereniorizzonti.it\/es\/wp-json\/wp\/v2\/posts"}],"about":[{"href":"https:\/\/sereniorizzonti.it\/es\/wp-json\/wp\/v2\/types\/post"}],"author":[{"embeddable":true,"href":"https:\/\/sereniorizzonti.it\/es\/wp-json\/wp\/v2\/users\/1"}],"replies":[{"embeddable":true,"href":"https:\/\/sereniorizzonti.it\/es\/wp-json\/wp\/v2\/comments?post=39484"}],"version-history":[{"count":1,"href":"https:\/\/sereniorizzonti.it\/es\/wp-json\/wp\/v2\/posts\/39484\/revisions"}],"predecessor-version":[{"id":40442,"href":"https:\/\/sereniorizzonti.it\/es\/wp-json\/wp\/v2\/posts\/39484\/revisions\/40442"}],"wp:featuredmedia":[{"embeddable":true,"href":"https:\/\/sereniorizzonti.it\/es\/wp-json\/wp\/v2\/media\/39485"}],"wp:attachment":[{"href":"https:\/\/sereniorizzonti.it\/es\/wp-json\/wp\/v2\/media?parent=39484"}],"wp:term":[{"taxonomy":"category","embeddable":true,"href":"https:\/\/sereniorizzonti.it\/es\/wp-json\/wp\/v2\/categories?post=39484"},{"taxonomy":"post_tag","embeddable":true,"href":"https:\/\/sereniorizzonti.it\/es\/wp-json\/wp\/v2\/tags?post=39484"}],"curies":[{"name":"wp","href":"https:\/\/api.w.org\/{rel}","templated":true}]}}