{"id":40628,"date":"2016-11-20T00:00:00","date_gmt":"2016-11-19T23:00:00","guid":{"rendered":"https:\/\/sereniorizzonti.it\/?p=40628"},"modified":"2024-09-26T15:58:16","modified_gmt":"2024-09-26T13:58:16","slug":"sereni-orizzonti-accende-latmosfera-natalizia-nel-centro-di-udine","status":"publish","type":"post","link":"https:\/\/sereniorizzonti.it\/en\/sereni-orizzonti-accende-latmosfera-natalizia-nel-centro-di-udine\/","title":{"rendered":"SERENI ORIZZONTI ACCENDE L\u2019ATMOSFERA NATALIZIA NEL CENTRO DI UDINE"},"content":{"rendered":"<p class=\"MsoNormal\" style=\"text-align:justify\">Sereni Orizzonti partecipa all&#8217;iniziativa di Confcommercio per le luci di Natale illuminando due piazze. La Spa friulana di Massimo Blasoni e Giorgio Zucchini\u00a0che costruisce e gestisce residenze sanitarie per anziani, ha curato l&#8217;illuminazione di Piazza San Giacomo e Piazza XX settembre. Nella prima svetta l&#8217;albero di 8 metri di altezza interamente ricoperto di luci led bianche, nella seconda sei coni cilindrici con calate di luci led bianche che andranno a ricoprire i sei pali dell\u2019illuminazione della piazza pi\u00f9 una illuminazione particolare per Palazzo Kechler.<o_p><\/o_p><\/p>\n<p class=\"MsoNormal\" style=\"text-align:justify\">\n<p class=\"MsoNormal\" style=\"text-align:justify\">&#8220;Su Udine \u00e8 doveroso investire &#8211; dichiara Massimo Blasoni azionista di riferimento -. Le luci natalizie in fin dei conti sono il simbolo di una citt\u00e0 che vuole ripartire.\u00a0Sono necessari\u00a0maggiori sforzi da parte dell&#8217;Amministrazione, ma anche innovazione e voglia di investire degli imprenditori.\u00a0La situazione \u00e8 preoccupante\u00a0e il turnover di aperture e chiusure di negozi nel centro storico \u00e8 notevolissimo. 118 negozi chiusi tra il 2008 e il 2015 e altri 31 in periferia rappresentano purtroppo\u00a0il peggior dato in Italia\u00a0dopo quello di\u00a0Potenza e Perugia.\u00a0Sono troppe le vetrine chiuse e gli spazi commerciali inutilizzati&#8221;. &#8220;Occorre &#8211;\u00a0prosegue Blasoni &#8211;\u00a0\u00a0grande collaborazione\u00a0fra istituzioni, categorie e singole imprese.\u00a0C&#8217;\u00e8\u00a0necessit\u00e0 di\u00a0pi\u00f9\u00a0iniziative che richiamino turisti\u00a0e acquirenti in citt\u00e0,\u00a0ma anche di pi\u00f9\u00a0coraggio da parte degli imprenditori. Un coraggio\u00a0comprensibilmente non facile da trovarsi vista\u00a0la drammatica crisi, ma che si rende necessario per fronteggiarla&#8221;.\u00a0Blasoni rivolge un\u00a0appello anche alle non poche aziende che\u00a0hanno portato la propria sede fuori citt\u00e0. Per il rilancio di Udine \u00e8 bene restare malgrado le non poche difficolt\u00e0.\u00a0&#8220;Per la nostra azienda ad esempio sarebbe stato molto pi\u00f9 facile realizzare una sede in un comune del circondario, ma abbiamo preferito restare a Udine trasferendoci\u00a0a Palazzo Beretta che era inutilizzato da pi\u00f9 di\u00a0dieci anni&#8221;.\u00a0In conclusione un annuncio: &#8220;vorremmo anche\u00a0utilizzare di pi\u00f9 Palazzo Kechler, perci\u00f2 stiamo dando avvio ad un progetto che presto illustreremo nei dettagli. Anticipo solo che\u00a0verr\u00e0\u00a0concesso gratuitamente come spazio espositivo per la mostra collettiva di giovani pittori friulani&#8221;.<span style=\"font-size:14.0pt;line-height:115%\">\u00a0<o_p><\/o_p><\/span><\/p>","protected":false},"excerpt":{"rendered":"<p>Sereni Orizzonti partecipa all&#8217;iniziativa di Confcommercio per le luci di Natale illuminando due piazze. La Spa friulana di Massimo Blasoni e Giorgio Zucchini\u00a0che costruisce e gestisce residenze sanitarie per anziani, ha curato l&#8217;illuminazione di Piazza San Giacomo e Piazza XX settembre. Nella prima svetta l&#8217;albero di 8 metri di altezza interamente ricoperto di luci led [&hellip;]<\/p>","protected":false},"author":1,"featured_media":40629,"comment_status":"open","ping_status":"open","sticky":false,"template":"","format":"standard","meta":{"_acf_changed":false,"footnotes":""},"categories":[48],"tags":[],"class_list":["post-40628","post","type-post","status-publish","format-standard","has-post-thumbnail","hentry","category-news-corporate"],"acf":[],"_links":{"self":[{"href":"https:\/\/sereniorizzonti.it\/en\/wp-json\/wp\/v2\/posts\/40628","targetHints":{"allow":["GET"]}}],"collection":[{"href":"https:\/\/sereniorizzonti.it\/en\/wp-json\/wp\/v2\/posts"}],"about":[{"href":"https:\/\/sereniorizzonti.it\/en\/wp-json\/wp\/v2\/types\/post"}],"author":[{"embeddable":true,"href":"https:\/\/sereniorizzonti.it\/en\/wp-json\/wp\/v2\/users\/1"}],"replies":[{"embeddable":true,"href":"https:\/\/sereniorizzonti.it\/en\/wp-json\/wp\/v2\/comments?post=40628"}],"version-history":[{"count":1,"href":"https:\/\/sereniorizzonti.it\/en\/wp-json\/wp\/v2\/posts\/40628\/revisions"}],"predecessor-version":[{"id":40934,"href":"https:\/\/sereniorizzonti.it\/en\/wp-json\/wp\/v2\/posts\/40628\/revisions\/40934"}],"wp:featuredmedia":[{"embeddable":true,"href":"https:\/\/sereniorizzonti.it\/en\/wp-json\/wp\/v2\/media\/40629"}],"wp:attachment":[{"href":"https:\/\/sereniorizzonti.it\/en\/wp-json\/wp\/v2\/media?parent=40628"}],"wp:term":[{"taxonomy":"category","embeddable":true,"href":"https:\/\/sereniorizzonti.it\/en\/wp-json\/wp\/v2\/categories?post=40628"},{"taxonomy":"post_tag","embeddable":true,"href":"https:\/\/sereniorizzonti.it\/en\/wp-json\/wp\/v2\/tags?post=40628"}],"curies":[{"name":"wp","href":"https:\/\/api.w.org\/{rel}","templated":true}]}}